{"id":1211,"date":"2022-07-01T09:01:53","date_gmt":"2022-07-01T07:01:53","guid":{"rendered":"https:\/\/cpellago.educacion.navarra.es\/web\/?p=1211"},"modified":"2022-07-01T09:01:54","modified_gmt":"2022-07-01T07:01:54","slug":"seguimos-adelante","status":"publish","type":"post","link":"https:\/\/cpellago.educacion.navarra.es\/web\/blog\/2022\/07\/01\/seguimos-adelante\/","title":{"rendered":"Seguimos adelante.."},"content":{"rendered":"\n<p>El pasado 29 de junio el grupo de personas que trabajamos en este colegio, disfrutamos de una ruta en el entorno de <strong><a href=\"https:\/\/www.parquedebertiz.es\/\">El Se\u00f1or\u00edo de Bertiz<\/a><\/strong>. Trabajando como grupo los objetivos son m\u00e1s f\u00e1ciles de conseguir. Muchas gracias por vuestra implicaci\u00f3n y trabajo durante este curso escolar. En septiembre m\u00e1s..<\/p>\n","protected":false},"excerpt":{"rendered":"<p>El pasado 29 de junio el grupo de personas que trabajamos en este colegio, disfrutamos de una ruta en el entorno de El Se\u00f1or\u00edo de Bertiz. Trabajando como grupo los objetivos son m\u00e1s f\u00e1ciles de conseguir. Muchas gracias por vuestra implicaci\u00f3n y trabajo durante este curso escolar. En septiembre m\u00e1s..<\/p>\n","protected":false},"author":1,"featured_media":1212,"comment_status":"open","ping_status":"open","sticky":false,"template":"","format":"standard","meta":{"_genesis_hide_title":false,"_genesis_hide_breadcrumbs":false,"_genesis_hide_singular_image":false,"_genesis_hide_footer_widgets":false,"_genesis_custom_body_class":"","_genesis_custom_post_class":"","_genesis_layout":""},"categories":[1],"tags":[],"_links":{"self":[{"href":"https:\/\/cpellago.educacion.navarra.es\/web\/wp-json\/wp\/v2\/posts\/1211"}],"collection":[{"href":"https:\/\/cpellago.educacion.navarra.es\/web\/wp-json\/wp\/v2\/posts"}],"about":[{"href":"https:\/\/cpellago.educacion.navarra.es\/web\/wp-json\/wp\/v2\/types\/post"}],"author":[{"embeddable":true,"href":"https:\/\/cpellago.educacion.navarra.es\/web\/wp-json\/wp\/v2\/users\/1"}],"replies":[{"embeddable":true,"href":"https:\/\/cpellago.educacion.navarra.es\/web\/wp-json\/wp\/v2\/comments?post=1211"}],"version-history":[{"count":1,"href":"https:\/\/cpellago.educacion.navarra.es\/web\/wp-json\/wp\/v2\/posts\/1211\/revisions"}],"predecessor-version":[{"id":1213,"href":"https:\/\/cpellago.educacion.navarra.es\/web\/wp-json\/wp\/v2\/posts\/1211\/revisions\/1213"}],"wp:featuredmedia":[{"embeddable":true,"href":"https:\/\/cpellago.educacion.navarra.es\/web\/wp-json\/wp\/v2\/media\/1212"}],"wp:attachment":[{"href":"https:\/\/cpellago.educacion.navarra.es\/web\/wp-json\/wp\/v2\/media?parent=1211"}],"wp:term":[{"taxonomy":"category","embeddable":true,"href":"https:\/\/cpellago.educacion.navarra.es\/web\/wp-json\/wp\/v2\/categories?post=1211"},{"taxonomy":"post_tag","embeddable":true,"href":"https:\/\/cpellago.educacion.navarra.es\/web\/wp-json\/wp\/v2\/tags?post=1211"}],"curies":[{"name":"wp","href":"https:\/\/api.w.org\/{rel}","templated":true}]}}