{"id":1567,"date":"2024-04-23T10:53:25","date_gmt":"2024-04-23T08:53:25","guid":{"rendered":"https:\/\/cpellago.educacion.navarra.es\/web\/?p=1567"},"modified":"2024-04-23T10:53:25","modified_gmt":"2024-04-23T08:53:25","slug":"23-de-abril-dia-del-libro","status":"publish","type":"post","link":"https:\/\/cpellago.educacion.navarra.es\/web\/blog\/2024\/04\/23\/23-de-abril-dia-del-libro\/","title":{"rendered":"23 de abril: D\u00eda del libro"},"content":{"rendered":"\n<p>Durante esta semana del 22 de abril hemos querido dar protagonismo a la lectura. Para ello hemos realizado dos actividades:<\/p>\n\n\n\n<p>Durante los dos recreos hemos sacado libros a los patios y el alumnado ha podido disfrutar de unos momentos&#8230;&#8230;. distintos.<\/p>\n\n\n\n<p>Tambi\u00e9n el alumnado de cursos altos ha le\u00eddo en voz alta al alumnado de cursos m\u00e1s bajos.<\/p>\n","protected":false},"excerpt":{"rendered":"<p>Durante esta semana del 22 de abril hemos querido dar protagonismo a la lectura. Para ello hemos realizado dos actividades: Durante los dos recreos hemos sacado libros a los patios y el alumnado ha podido disfrutar de unos momentos&#8230;&#8230;. distintos. Tambi\u00e9n el alumnado de cursos altos ha le\u00eddo en voz alta al alumnado de cursos [&hellip;]<\/p>\n","protected":false},"author":1,"featured_media":1568,"comment_status":"open","ping_status":"open","sticky":false,"template":"","format":"standard","meta":{"_genesis_hide_title":false,"_genesis_hide_breadcrumbs":false,"_genesis_hide_singular_image":false,"_genesis_hide_footer_widgets":false,"_genesis_custom_body_class":"","_genesis_custom_post_class":"","_genesis_layout":""},"categories":[1],"tags":[],"_links":{"self":[{"href":"https:\/\/cpellago.educacion.navarra.es\/web\/wp-json\/wp\/v2\/posts\/1567"}],"collection":[{"href":"https:\/\/cpellago.educacion.navarra.es\/web\/wp-json\/wp\/v2\/posts"}],"about":[{"href":"https:\/\/cpellago.educacion.navarra.es\/web\/wp-json\/wp\/v2\/types\/post"}],"author":[{"embeddable":true,"href":"https:\/\/cpellago.educacion.navarra.es\/web\/wp-json\/wp\/v2\/users\/1"}],"replies":[{"embeddable":true,"href":"https:\/\/cpellago.educacion.navarra.es\/web\/wp-json\/wp\/v2\/comments?post=1567"}],"version-history":[{"count":1,"href":"https:\/\/cpellago.educacion.navarra.es\/web\/wp-json\/wp\/v2\/posts\/1567\/revisions"}],"predecessor-version":[{"id":1569,"href":"https:\/\/cpellago.educacion.navarra.es\/web\/wp-json\/wp\/v2\/posts\/1567\/revisions\/1569"}],"wp:featuredmedia":[{"embeddable":true,"href":"https:\/\/cpellago.educacion.navarra.es\/web\/wp-json\/wp\/v2\/media\/1568"}],"wp:attachment":[{"href":"https:\/\/cpellago.educacion.navarra.es\/web\/wp-json\/wp\/v2\/media?parent=1567"}],"wp:term":[{"taxonomy":"category","embeddable":true,"href":"https:\/\/cpellago.educacion.navarra.es\/web\/wp-json\/wp\/v2\/categories?post=1567"},{"taxonomy":"post_tag","embeddable":true,"href":"https:\/\/cpellago.educacion.navarra.es\/web\/wp-json\/wp\/v2\/tags?post=1567"}],"curies":[{"name":"wp","href":"https:\/\/api.w.org\/{rel}","templated":true}]}}