{"id":668,"date":"2019-12-18T14:45:59","date_gmt":"2019-12-18T13:45:59","guid":{"rendered":"https:\/\/cpellago.educacion.navarra.es\/web\/?p=668"},"modified":"2019-12-19T10:11:42","modified_gmt":"2019-12-19T09:11:42","slug":"vi-concurso-de-decoracion-de-puertas","status":"publish","type":"post","link":"https:\/\/cpellago.educacion.navarra.es\/web\/blog\/2019\/12\/18\/vi-concurso-de-decoracion-de-puertas\/","title":{"rendered":"VI Concurso de decoraci\u00f3n de puertas"},"content":{"rendered":"\n<p>Otro a\u00f1o m\u00e1s, y vamos por la sexta edici\u00f3n, hemos organizado el concurso de decoraci\u00f3n de puertas de nuestras aulas. Pod\u00e9is pasar a verlas a partir de las 16.30 horas.<a href=\"https:\/\/drive.google.com\/drive\/folders\/12uUL8S8wE4qOw1iPxoUPUI0ZFK6wZz4O?usp=sharing\"> Pinchando aqu\u00ed<\/a> pod\u00e9is ver fotos de todas ella.<\/p>\n","protected":false},"excerpt":{"rendered":"<p>Otro a\u00f1o m\u00e1s, y vamos por la sexta edici\u00f3n, hemos organizado el concurso de decoraci\u00f3n de puertas de nuestras aulas. Pod\u00e9is pasar a verlas a partir de las 16.30 horas. Pinchando aqu\u00ed pod\u00e9is ver fotos de todas ella.<\/p>\n","protected":false},"author":1,"featured_media":669,"comment_status":"open","ping_status":"open","sticky":false,"template":"","format":"standard","meta":{"_genesis_hide_title":false,"_genesis_hide_breadcrumbs":false,"_genesis_hide_singular_image":false,"_genesis_hide_footer_widgets":false,"_genesis_custom_body_class":"","_genesis_custom_post_class":"","_genesis_layout":""},"categories":[1],"tags":[],"_links":{"self":[{"href":"https:\/\/cpellago.educacion.navarra.es\/web\/wp-json\/wp\/v2\/posts\/668"}],"collection":[{"href":"https:\/\/cpellago.educacion.navarra.es\/web\/wp-json\/wp\/v2\/posts"}],"about":[{"href":"https:\/\/cpellago.educacion.navarra.es\/web\/wp-json\/wp\/v2\/types\/post"}],"author":[{"embeddable":true,"href":"https:\/\/cpellago.educacion.navarra.es\/web\/wp-json\/wp\/v2\/users\/1"}],"replies":[{"embeddable":true,"href":"https:\/\/cpellago.educacion.navarra.es\/web\/wp-json\/wp\/v2\/comments?post=668"}],"version-history":[{"count":4,"href":"https:\/\/cpellago.educacion.navarra.es\/web\/wp-json\/wp\/v2\/posts\/668\/revisions"}],"predecessor-version":[{"id":673,"href":"https:\/\/cpellago.educacion.navarra.es\/web\/wp-json\/wp\/v2\/posts\/668\/revisions\/673"}],"wp:featuredmedia":[{"embeddable":true,"href":"https:\/\/cpellago.educacion.navarra.es\/web\/wp-json\/wp\/v2\/media\/669"}],"wp:attachment":[{"href":"https:\/\/cpellago.educacion.navarra.es\/web\/wp-json\/wp\/v2\/media?parent=668"}],"wp:term":[{"taxonomy":"category","embeddable":true,"href":"https:\/\/cpellago.educacion.navarra.es\/web\/wp-json\/wp\/v2\/categories?post=668"},{"taxonomy":"post_tag","embeddable":true,"href":"https:\/\/cpellago.educacion.navarra.es\/web\/wp-json\/wp\/v2\/tags?post=668"}],"curies":[{"name":"wp","href":"https:\/\/api.w.org\/{rel}","templated":true}]}}