{"id":751,"date":"2020-04-03T11:54:15","date_gmt":"2020-04-03T09:54:15","guid":{"rendered":"https:\/\/cpellago.educacion.navarra.es\/web\/?p=751"},"modified":"2020-04-03T11:56:20","modified_gmt":"2020-04-03T09:56:20","slug":"2-de-abril-empatizamos","status":"publish","type":"post","link":"https:\/\/cpellago.educacion.navarra.es\/web\/blog\/2020\/04\/03\/2-de-abril-empatizamos\/","title":{"rendered":"2 de abril&#8230;Empatizamos"},"content":{"rendered":"\n<p>El d\u00eda 2 de abril celebramos en todo el mundo, el \u00abD\u00eda de concienciaci\u00f3n del Autismo\u00bb Como ya sab\u00e9is en nuestro centro hay una aula TEA-UT (Trastorno del espectro autista), por ello queremos sensibilizar a nuestras familias en esta fecha. <\/p>\n\n\n\n<p>Os hab\u00edamos enviado un correo para que os animarais a hacer fotos ese d\u00eda y estas son las que hemos recibido. Gracias a todos y todas por vuestra participaci\u00f3n. <\/p>\n\n\n\n<p><strong><a href=\"https:\/\/drive.google.com\/drive\/folders\/1qZ9djUkQ_TnfSARH2V-zCNg5ygNn2b8j?usp=sharing\">VER FOTOS <\/a><\/strong><\/p>\n","protected":false},"excerpt":{"rendered":"<p>El d\u00eda 2 de abril celebramos en todo el mundo, el \u00abD\u00eda de concienciaci\u00f3n del Autismo\u00bb Como ya sab\u00e9is en nuestro centro hay una aula TEA-UT (Trastorno del espectro autista), por ello queremos sensibilizar a nuestras familias en esta fecha. Os hab\u00edamos enviado un correo para que os animarais a hacer fotos ese d\u00eda y [&hellip;]<\/p>\n","protected":false},"author":1,"featured_media":752,"comment_status":"open","ping_status":"open","sticky":false,"template":"","format":"standard","meta":{"_genesis_hide_title":false,"_genesis_hide_breadcrumbs":false,"_genesis_hide_singular_image":false,"_genesis_hide_footer_widgets":false,"_genesis_custom_body_class":"","_genesis_custom_post_class":"","_genesis_layout":""},"categories":[1],"tags":[],"_links":{"self":[{"href":"https:\/\/cpellago.educacion.navarra.es\/web\/wp-json\/wp\/v2\/posts\/751"}],"collection":[{"href":"https:\/\/cpellago.educacion.navarra.es\/web\/wp-json\/wp\/v2\/posts"}],"about":[{"href":"https:\/\/cpellago.educacion.navarra.es\/web\/wp-json\/wp\/v2\/types\/post"}],"author":[{"embeddable":true,"href":"https:\/\/cpellago.educacion.navarra.es\/web\/wp-json\/wp\/v2\/users\/1"}],"replies":[{"embeddable":true,"href":"https:\/\/cpellago.educacion.navarra.es\/web\/wp-json\/wp\/v2\/comments?post=751"}],"version-history":[{"count":3,"href":"https:\/\/cpellago.educacion.navarra.es\/web\/wp-json\/wp\/v2\/posts\/751\/revisions"}],"predecessor-version":[{"id":755,"href":"https:\/\/cpellago.educacion.navarra.es\/web\/wp-json\/wp\/v2\/posts\/751\/revisions\/755"}],"wp:featuredmedia":[{"embeddable":true,"href":"https:\/\/cpellago.educacion.navarra.es\/web\/wp-json\/wp\/v2\/media\/752"}],"wp:attachment":[{"href":"https:\/\/cpellago.educacion.navarra.es\/web\/wp-json\/wp\/v2\/media?parent=751"}],"wp:term":[{"taxonomy":"category","embeddable":true,"href":"https:\/\/cpellago.educacion.navarra.es\/web\/wp-json\/wp\/v2\/categories?post=751"},{"taxonomy":"post_tag","embeddable":true,"href":"https:\/\/cpellago.educacion.navarra.es\/web\/wp-json\/wp\/v2\/tags?post=751"}],"curies":[{"name":"wp","href":"https:\/\/api.w.org\/{rel}","templated":true}]}}